{"id":137,"date":"2012-11-28T08:43:40","date_gmt":"2012-11-28T08:43:40","guid":{"rendered":"http:\/\/www.fanprojekt-muenster.de\/fp\/?p=137"},"modified":"2012-11-28T08:43:40","modified_gmt":"2012-11-28T08:43:40","slug":"ohne-stimme-1212-keine-stimmung","status":"publish","type":"post","link":"https:\/\/www.fanprojekt-muenster.de\/wordpress\/ohne-stimme-1212-keine-stimmung\/","title":{"rendered":"Ohne Stimme 12:12 Keine Stimmung"},"content":{"rendered":"<h2><img loading=\"lazy\" decoding=\"async\" class=\"alignnone size-full wp-image-761\" alt=\"entwurf-12doppelpunkt12\" src=\"http:\/\/www.fanprojekt-muenster.de\/wp-content\/uploads\/2012\/11\/entwurf-12doppelpunkt12.jpg\" width=\"400\" height=\"400\" srcset=\"https:\/\/www.fanprojekt-muenster.de\/wordpress\/wp-content\/uploads\/2012\/11\/entwurf-12doppelpunkt12.jpg 400w, https:\/\/www.fanprojekt-muenster.de\/wordpress\/wp-content\/uploads\/2012\/11\/entwurf-12doppelpunkt12-150x150.jpg 150w, https:\/\/www.fanprojekt-muenster.de\/wordpress\/wp-content\/uploads\/2012\/11\/entwurf-12doppelpunkt12-300x300.jpg 300w\" sizes=\"auto, (max-width: 400px) 100vw, 400px\" \/><\/h2>\n<h2>Das Fanprojekt Preu\u00dfen M\u00fcnster unterst\u00fctzt die Aktion &#8222;Ohne Stimme 12:12 Keine Stimmung&#8220; und ruft alle Anh\u00e4nger des SC Preu\u00dfen M\u00fcnster 06 e.V. auf, dieses auch zu tun und am Samstag im Heimspiel gegen Wacker Burghausen den Support f\u00fcr 12:12 Minuten einzustellen. Mehr zu den Hintergr\u00fcnden der Aktion findet ihr hier:<\/h2>\n<p><a href=\"http:\/\/www.12doppelpunkt12.de\" target=\"_blank\" rel=\"noopener noreferrer\">12doppelpunkt12.de<br \/>\n<\/a><a href=\"http:\/\/www.facebook.com\/12doppelpunkt12\" target=\"_blank\" rel=\"noopener noreferrer\">Facebook Fanseite<\/a><\/p>\n<p><strong>Welchen Fu\u00dfball willst du?<\/strong><\/p>\n<p>Der Ligaverband DFL hat mit seinem Konzept \u201eSicheres Stadionerlebnis\u201c Grenzen \u00fcberschritten. Nun ist die deutsche Fankultur bedroht, wie wir sie kennen. Der Weg in Richtung englische Verh\u00e4ltnisse scheint bereitet zu sein.<\/p>\n<p><strong>Was will die DFL?<\/strong><br \/>\nDie DFL versucht dem Druck aus der Politik und der hysterischen Medienberichterstattung Rechnung zu tragen und will nun einen Ma\u00dfnahmenkatalog durchboxen, der die deutsche Fankultur als Ganzes bedroht. Dabei wird deutlich, dass sich die Theoretiker in Frankfurt ein unkritisches und vor allem zahlungskr\u00e4ftiges Publikum w\u00fcnschen frei nach dem Motto: \u201eHinsetzen, Klappe halten und bezahlen!\u201c<\/p>\n<p><strong>Wie will die DFL diese Ziele erreichen?<\/strong><br \/>\nDurch ausgebaute Repressionen (noch intensivere Personenkontrollen) und Gruppenhaftung (Reduzierung von Kartenkontingenten) will die DFL den Druck einseitig auf die Fans erh\u00f6hen. Die vorgeschlagenen Ma\u00dfnahmen treffen alle organisierten und kritischen Fans und gehen dabei an der gelebten Praxis teilweise vollkommen vorbei.<\/p>\n<p>Deshalb hat die DFL ein Konzept mit dem klangvollen Namen \u201cSicheres Stadionerlebnis\u201d erstellt, das die Vereine der 1. und 2. Bundesliga am 12. Dezember 2012 auf der DFL-Vollversammlung abnicken sollen. Pech f\u00fcr die DFL: Das Konzept kam unbeabsichtigt an die \u00d6ffentlichkeit und Fu\u00dfballfans aus ganz Deutschland hatten in den vergangenen Wochen die M\u00f6glichkeit, sich mit dem Papier intensiv auseinanderzusetzen. Der Inhalt des Konzepts \u201eSicheres Stadionerlebnis\u201c ist und bleibt ein Horrorkatalog. Sollte das Konzept angenommen werden, wird der Fu\u00dfball nicht mehr das sein, was er heute ist.<\/p>\n<p><strong>Drei Beispiele aus dem Konzept \u201cSicheres Stadionerlebnis\u201d und wie sie dich betreffen werden:<\/strong><\/p>\n<ul>\n<li>Die Anzahl der G\u00e4stekarten soll zuk\u00fcnftig halbiert werden k\u00f6nnen oder nur noch aus teuren Sitzpl\u00e4tzen bestehen, wenn es sich um ein \u201cRisikospiel\u201d handelt. Die ohnehin schon viel zu knappen Kartenkontingente w\u00fcrden also noch kleiner und teurer.<\/li>\n<li>Die Bundesligavereine sollen die Personenkontrollen weiter intensivieren. Dabei werden willk\u00fcrlich Ganzk\u00f6rperkontrollen weiterhin nicht ausgeschlossen. Bei Ausw\u00e4rtsspielen kann es dir passieren, dass du dich bei der Einlasskontrolle komplett entkleiden m\u00fcsstest.<\/li>\n<li>Die DFL bekennt sich nur halbherzig zu den Stehpl\u00e4tzen und sieht in ihnen nicht ein unver\u00e4u\u00dferliches Gut des Fu\u00dfballs. Vielmehr werden die Stehplatzbereiche immer kleiner und die Fans werden daf\u00fcr in Haftung genommen.<\/li>\n<\/ul>\n<p>Das Konzept \u201eSicheres Stadionerlebnis\u201c beinhaltet noch viele weitere solcher Beispiele, die tief in die Rechte und Menschenw\u00fcrde von Fu\u00dfballfans eingreifen. Auch die Vereine werden nicht geschont: Wenn dein Verein nicht mitmachen m\u00f6chte, bekommt er teilweise die TV-Gelder gestrichen.<\/p>\n<p>Besonders eigenartig ist die Behauptung der DFL, dass durch diese Ma\u00dfnahmen der Stadionbesuch sicherer werde. Die Wahrheit jedoch ist: Die Bundesligastadien sind jetzt schon sicher und alle Statistiken beweisen, dass Gewalttaten auf niedrigem Niveau sind. Die aktuellen Zahlen der ZiS differenzieren weder die Art der Verletzung noch ihr Zustandekommen! Ehrlicher Dialog verlangt auch ehrliche Fakten.<\/p>\n<p>Die DFL und Polizei spielen falsch. Ein ehrlicher Dialog hat bis heute nicht stattgefunden!<\/p>\n<p><strong>Deswegen fragen wir dich: Welchen Fu\u00dfball willst du?<\/strong><\/p>\n<p>Willst du viel Geld bezahlen, um die Hintergrundkulisse f\u00fcr ein Event zu bilden, ohne eigene W\u00fcrde und deiner Freiheit beraubt? Die Fans und Zuschauer sind ein wesentlicher Bestandteil des Fu\u00dfballs und sollten auch fair und gerecht behandelt werden!<\/p>\n<p>Die Fans sind nicht das Problem, sondern Bestandteil der L\u00f6sung. Nur mit uns kann die bunte und laute Fankultur in diesem Land bewahrt werden! Wir z\u00e4hlen auf dich!<\/p>\n<p>Am 12.12.2012 werden die Vereine auf einer Sitzung \u00fcber Umsetzung und\/oder Ver\u00e4nderung des Konzepts \u201cSicheres Stadionerlebnis\u201d sprechen. Um den Vereinen ein klares Zeichen der generellen Ablehnung des Konzepts mit auf den Weg zu geben, werden die Kurven in Deutschland ab dem 27.11.2012 die ersten 12 Minuten und 12 Sekunden schweigen.<\/p>\n<p>Informiere dich rechtzeitig \u00fcber das Konzept und die hier im Ansatz vorgestellten Konsequenzen.<\/p>\n<p><img loading=\"lazy\" decoding=\"async\" class=\"alignnone size-full wp-image-762\" alt=\"1212_header\" src=\"http:\/\/www.fanprojekt-muenster.de\/wp-content\/uploads\/2012\/11\/1212_header.png\" width=\"980\" height=\"125\" srcset=\"https:\/\/www.fanprojekt-muenster.de\/wordpress\/wp-content\/uploads\/2012\/11\/1212_header.png 980w, https:\/\/www.fanprojekt-muenster.de\/wordpress\/wp-content\/uploads\/2012\/11\/1212_header-300x38.png 300w, https:\/\/www.fanprojekt-muenster.de\/wordpress\/wp-content\/uploads\/2012\/11\/1212_header-768x98.png 768w\" sizes=\"auto, (max-width: 980px) 100vw, 980px\" \/><\/p>\n","protected":false},"excerpt":{"rendered":"<p>Das Fanprojekt Preu\u00dfen M\u00fcnster unterst\u00fctzt die Aktion &#8222;Ohne Stimme 12:12 Keine Stimmung&#8220; und ruft alle Anh\u00e4nger des SC Preu\u00dfen M\u00fcnster 06 e.V. auf, dieses auch zu tun und am Samstag&#8230; <a class=\"read-more-link\" href=\"https:\/\/www.fanprojekt-muenster.de\/wordpress\/ohne-stimme-1212-keine-stimmung\/\">Read more &raquo;<\/a><\/p>\n","protected":false},"author":2,"featured_media":761,"comment_status":"open","ping_status":"open","sticky":false,"template":"","format":"standard","meta":{"advgb_blocks_editor_width":"","advgb_blocks_columns_visual_guide":"","footnotes":""},"categories":[3],"tags":[],"class_list":["post-137","post","type-post","status-publish","format-standard","has-post-thumbnail","hentry","category-aktuelles"],"featured_image_src":"https:\/\/www.fanprojekt-muenster.de\/wordpress\/wp-content\/uploads\/2012\/11\/entwurf-12doppelpunkt12.jpg","author_info":{"display_name":"fp_superadmin","author_link":"https:\/\/www.fanprojekt-muenster.de\/wordpress\/author\/fp_superadmin\/"},"yoast_head":"<!-- This site is optimized with the Yoast SEO plugin v27.2 - https:\/\/yoast.com\/product\/yoast-seo-wordpress\/ -->\n<title>Ohne Stimme 12:12 Keine Stimmung - Fangemeinschaft Preu\u00dfen M\u00fcnster e. V.<\/title>\n<meta name=\"robots\" content=\"index, follow, max-snippet:-1, max-image-preview:large, max-video-preview:-1\" \/>\n<link rel=\"canonical\" href=\"https:\/\/www.fanprojekt-muenster.de\/wordpress\/ohne-stimme-1212-keine-stimmung\/\" \/>\n<meta property=\"og:locale\" content=\"de_DE\" \/>\n<meta property=\"og:type\" content=\"article\" \/>\n<meta property=\"og:title\" content=\"Ohne Stimme 12:12 Keine Stimmung - Fangemeinschaft Preu\u00dfen M\u00fcnster e. V.\" \/>\n<meta property=\"og:description\" content=\"Das Fanprojekt Preu\u00dfen M\u00fcnster unterst\u00fctzt die Aktion &#8222;Ohne Stimme 12:12 Keine Stimmung&#8220; und ruft alle Anh\u00e4nger des SC Preu\u00dfen M\u00fcnster 06 e.V. auf, dieses auch zu tun und am Samstag... Read more &raquo;\" \/>\n<meta property=\"og:url\" content=\"https:\/\/www.fanprojekt-muenster.de\/wordpress\/ohne-stimme-1212-keine-stimmung\/\" \/>\n<meta property=\"og:site_name\" content=\"Fangemeinschaft Preu\u00dfen M\u00fcnster e. V.\" \/>\n<meta property=\"article:published_time\" content=\"2012-11-28T08:43:40+00:00\" \/>\n<meta property=\"og:image\" content=\"https:\/\/www.fanprojekt-muenster.de\/wordpress\/wp-content\/uploads\/2012\/11\/entwurf-12doppelpunkt12.jpg\" \/>\n\t<meta property=\"og:image:width\" content=\"400\" \/>\n\t<meta property=\"og:image:height\" content=\"400\" \/>\n\t<meta property=\"og:image:type\" content=\"image\/jpeg\" \/>\n<meta name=\"author\" content=\"fp_superadmin\" \/>\n<meta name=\"twitter:card\" content=\"summary_large_image\" \/>\n<meta name=\"twitter:label1\" content=\"Verfasst von\" \/>\n\t<meta name=\"twitter:data1\" content=\"fp_superadmin\" \/>\n\t<meta name=\"twitter:label2\" content=\"Gesch\u00e4tzte Lesezeit\" \/>\n\t<meta name=\"twitter:data2\" content=\"3\u00a0Minuten\" \/>\n<script type=\"application\/ld+json\" class=\"yoast-schema-graph\">{\"@context\":\"https:\/\/schema.org\",\"@graph\":[{\"@type\":\"Article\",\"@id\":\"https:\/\/www.fanprojekt-muenster.de\/wordpress\/ohne-stimme-1212-keine-stimmung\/#article\",\"isPartOf\":{\"@id\":\"https:\/\/www.fanprojekt-muenster.de\/wordpress\/ohne-stimme-1212-keine-stimmung\/\"},\"author\":{\"name\":\"fp_superadmin\",\"@id\":\"https:\/\/www.fanprojekt-muenster.de\/wordpress\/#\/schema\/person\/9126cc4d73d0d07c75b487075111186c\"},\"headline\":\"Ohne Stimme 12:12 Keine Stimmung\",\"datePublished\":\"2012-11-28T08:43:40+00:00\",\"mainEntityOfPage\":{\"@id\":\"https:\/\/www.fanprojekt-muenster.de\/wordpress\/ohne-stimme-1212-keine-stimmung\/\"},\"wordCount\":674,\"commentCount\":0,\"publisher\":{\"@id\":\"https:\/\/www.fanprojekt-muenster.de\/wordpress\/#organization\"},\"image\":{\"@id\":\"https:\/\/www.fanprojekt-muenster.de\/wordpress\/ohne-stimme-1212-keine-stimmung\/#primaryimage\"},\"thumbnailUrl\":\"https:\/\/www.fanprojekt-muenster.de\/wordpress\/wp-content\/uploads\/2012\/11\/entwurf-12doppelpunkt12.jpg\",\"articleSection\":[\"Aktuelles\"],\"inLanguage\":\"de\",\"potentialAction\":[{\"@type\":\"CommentAction\",\"name\":\"Comment\",\"target\":[\"https:\/\/www.fanprojekt-muenster.de\/wordpress\/ohne-stimme-1212-keine-stimmung\/#respond\"]}]},{\"@type\":\"WebPage\",\"@id\":\"https:\/\/www.fanprojekt-muenster.de\/wordpress\/ohne-stimme-1212-keine-stimmung\/\",\"url\":\"https:\/\/www.fanprojekt-muenster.de\/wordpress\/ohne-stimme-1212-keine-stimmung\/\",\"name\":\"Ohne Stimme 12:12 Keine Stimmung - Fangemeinschaft Preu\u00dfen M\u00fcnster e. V.\",\"isPartOf\":{\"@id\":\"https:\/\/www.fanprojekt-muenster.de\/wordpress\/#website\"},\"primaryImageOfPage\":{\"@id\":\"https:\/\/www.fanprojekt-muenster.de\/wordpress\/ohne-stimme-1212-keine-stimmung\/#primaryimage\"},\"image\":{\"@id\":\"https:\/\/www.fanprojekt-muenster.de\/wordpress\/ohne-stimme-1212-keine-stimmung\/#primaryimage\"},\"thumbnailUrl\":\"https:\/\/www.fanprojekt-muenster.de\/wordpress\/wp-content\/uploads\/2012\/11\/entwurf-12doppelpunkt12.jpg\",\"datePublished\":\"2012-11-28T08:43:40+00:00\",\"breadcrumb\":{\"@id\":\"https:\/\/www.fanprojekt-muenster.de\/wordpress\/ohne-stimme-1212-keine-stimmung\/#breadcrumb\"},\"inLanguage\":\"de\",\"potentialAction\":[{\"@type\":\"ReadAction\",\"target\":[\"https:\/\/www.fanprojekt-muenster.de\/wordpress\/ohne-stimme-1212-keine-stimmung\/\"]}]},{\"@type\":\"ImageObject\",\"inLanguage\":\"de\",\"@id\":\"https:\/\/www.fanprojekt-muenster.de\/wordpress\/ohne-stimme-1212-keine-stimmung\/#primaryimage\",\"url\":\"https:\/\/www.fanprojekt-muenster.de\/wordpress\/wp-content\/uploads\/2012\/11\/entwurf-12doppelpunkt12.jpg\",\"contentUrl\":\"https:\/\/www.fanprojekt-muenster.de\/wordpress\/wp-content\/uploads\/2012\/11\/entwurf-12doppelpunkt12.jpg\",\"width\":400,\"height\":400},{\"@type\":\"BreadcrumbList\",\"@id\":\"https:\/\/www.fanprojekt-muenster.de\/wordpress\/ohne-stimme-1212-keine-stimmung\/#breadcrumb\",\"itemListElement\":[{\"@type\":\"ListItem\",\"position\":1,\"name\":\"Startseite\",\"item\":\"https:\/\/www.fanprojekt-muenster.de\/wordpress\/\"},{\"@type\":\"ListItem\",\"position\":2,\"name\":\"Ohne Stimme 12:12 Keine Stimmung\"}]},{\"@type\":\"WebSite\",\"@id\":\"https:\/\/www.fanprojekt-muenster.de\/wordpress\/#website\",\"url\":\"https:\/\/www.fanprojekt-muenster.de\/wordpress\/\",\"name\":\"Fangemeinschaft Preu\u00dfen M\u00fcnster e. V.\",\"description\":\"\",\"publisher\":{\"@id\":\"https:\/\/www.fanprojekt-muenster.de\/wordpress\/#organization\"},\"potentialAction\":[{\"@type\":\"SearchAction\",\"target\":{\"@type\":\"EntryPoint\",\"urlTemplate\":\"https:\/\/www.fanprojekt-muenster.de\/wordpress\/?s={search_term_string}\"},\"query-input\":{\"@type\":\"PropertyValueSpecification\",\"valueRequired\":true,\"valueName\":\"search_term_string\"}}],\"inLanguage\":\"de\"},{\"@type\":\"Organization\",\"@id\":\"https:\/\/www.fanprojekt-muenster.de\/wordpress\/#organization\",\"name\":\"Fangemeinschaft Preu\u00dfen M\u00fcnster e. V.\",\"url\":\"https:\/\/www.fanprojekt-muenster.de\/wordpress\/\",\"logo\":{\"@type\":\"ImageObject\",\"inLanguage\":\"de\",\"@id\":\"https:\/\/www.fanprojekt-muenster.de\/wordpress\/#\/schema\/logo\/image\/\",\"url\":\"https:\/\/www.fanprojekt-muenster.de\/wordpress\/wp-content\/uploads\/2019\/07\/cropped-Website_Logo3-9.png\",\"contentUrl\":\"https:\/\/www.fanprojekt-muenster.de\/wordpress\/wp-content\/uploads\/2019\/07\/cropped-Website_Logo3-9.png\",\"width\":224,\"height\":42,\"caption\":\"Fangemeinschaft Preu\u00dfen M\u00fcnster e. V.\"},\"image\":{\"@id\":\"https:\/\/www.fanprojekt-muenster.de\/wordpress\/#\/schema\/logo\/image\/\"}},{\"@type\":\"Person\",\"@id\":\"https:\/\/www.fanprojekt-muenster.de\/wordpress\/#\/schema\/person\/9126cc4d73d0d07c75b487075111186c\",\"name\":\"fp_superadmin\",\"url\":\"https:\/\/www.fanprojekt-muenster.de\/wordpress\/author\/fp_superadmin\/\"}]}<\/script>\n<!-- \/ Yoast SEO plugin. -->","yoast_head_json":{"title":"Ohne Stimme 12:12 Keine Stimmung - Fangemeinschaft Preu\u00dfen M\u00fcnster e. V.","robots":{"index":"index","follow":"follow","max-snippet":"max-snippet:-1","max-image-preview":"max-image-preview:large","max-video-preview":"max-video-preview:-1"},"canonical":"https:\/\/www.fanprojekt-muenster.de\/wordpress\/ohne-stimme-1212-keine-stimmung\/","og_locale":"de_DE","og_type":"article","og_title":"Ohne Stimme 12:12 Keine Stimmung - Fangemeinschaft Preu\u00dfen M\u00fcnster e. V.","og_description":"Das Fanprojekt Preu\u00dfen M\u00fcnster unterst\u00fctzt die Aktion &#8222;Ohne Stimme 12:12 Keine Stimmung&#8220; und ruft alle Anh\u00e4nger des SC Preu\u00dfen M\u00fcnster 06 e.V. auf, dieses auch zu tun und am Samstag... Read more &raquo;","og_url":"https:\/\/www.fanprojekt-muenster.de\/wordpress\/ohne-stimme-1212-keine-stimmung\/","og_site_name":"Fangemeinschaft Preu\u00dfen M\u00fcnster e. V.","article_published_time":"2012-11-28T08:43:40+00:00","og_image":[{"width":400,"height":400,"url":"https:\/\/www.fanprojekt-muenster.de\/wordpress\/wp-content\/uploads\/2012\/11\/entwurf-12doppelpunkt12.jpg","type":"image\/jpeg"}],"author":"fp_superadmin","twitter_card":"summary_large_image","twitter_misc":{"Verfasst von":"fp_superadmin","Gesch\u00e4tzte Lesezeit":"3\u00a0Minuten"},"schema":{"@context":"https:\/\/schema.org","@graph":[{"@type":"Article","@id":"https:\/\/www.fanprojekt-muenster.de\/wordpress\/ohne-stimme-1212-keine-stimmung\/#article","isPartOf":{"@id":"https:\/\/www.fanprojekt-muenster.de\/wordpress\/ohne-stimme-1212-keine-stimmung\/"},"author":{"name":"fp_superadmin","@id":"https:\/\/www.fanprojekt-muenster.de\/wordpress\/#\/schema\/person\/9126cc4d73d0d07c75b487075111186c"},"headline":"Ohne Stimme 12:12 Keine Stimmung","datePublished":"2012-11-28T08:43:40+00:00","mainEntityOfPage":{"@id":"https:\/\/www.fanprojekt-muenster.de\/wordpress\/ohne-stimme-1212-keine-stimmung\/"},"wordCount":674,"commentCount":0,"publisher":{"@id":"https:\/\/www.fanprojekt-muenster.de\/wordpress\/#organization"},"image":{"@id":"https:\/\/www.fanprojekt-muenster.de\/wordpress\/ohne-stimme-1212-keine-stimmung\/#primaryimage"},"thumbnailUrl":"https:\/\/www.fanprojekt-muenster.de\/wordpress\/wp-content\/uploads\/2012\/11\/entwurf-12doppelpunkt12.jpg","articleSection":["Aktuelles"],"inLanguage":"de","potentialAction":[{"@type":"CommentAction","name":"Comment","target":["https:\/\/www.fanprojekt-muenster.de\/wordpress\/ohne-stimme-1212-keine-stimmung\/#respond"]}]},{"@type":"WebPage","@id":"https:\/\/www.fanprojekt-muenster.de\/wordpress\/ohne-stimme-1212-keine-stimmung\/","url":"https:\/\/www.fanprojekt-muenster.de\/wordpress\/ohne-stimme-1212-keine-stimmung\/","name":"Ohne Stimme 12:12 Keine Stimmung - Fangemeinschaft Preu\u00dfen M\u00fcnster e. V.","isPartOf":{"@id":"https:\/\/www.fanprojekt-muenster.de\/wordpress\/#website"},"primaryImageOfPage":{"@id":"https:\/\/www.fanprojekt-muenster.de\/wordpress\/ohne-stimme-1212-keine-stimmung\/#primaryimage"},"image":{"@id":"https:\/\/www.fanprojekt-muenster.de\/wordpress\/ohne-stimme-1212-keine-stimmung\/#primaryimage"},"thumbnailUrl":"https:\/\/www.fanprojekt-muenster.de\/wordpress\/wp-content\/uploads\/2012\/11\/entwurf-12doppelpunkt12.jpg","datePublished":"2012-11-28T08:43:40+00:00","breadcrumb":{"@id":"https:\/\/www.fanprojekt-muenster.de\/wordpress\/ohne-stimme-1212-keine-stimmung\/#breadcrumb"},"inLanguage":"de","potentialAction":[{"@type":"ReadAction","target":["https:\/\/www.fanprojekt-muenster.de\/wordpress\/ohne-stimme-1212-keine-stimmung\/"]}]},{"@type":"ImageObject","inLanguage":"de","@id":"https:\/\/www.fanprojekt-muenster.de\/wordpress\/ohne-stimme-1212-keine-stimmung\/#primaryimage","url":"https:\/\/www.fanprojekt-muenster.de\/wordpress\/wp-content\/uploads\/2012\/11\/entwurf-12doppelpunkt12.jpg","contentUrl":"https:\/\/www.fanprojekt-muenster.de\/wordpress\/wp-content\/uploads\/2012\/11\/entwurf-12doppelpunkt12.jpg","width":400,"height":400},{"@type":"BreadcrumbList","@id":"https:\/\/www.fanprojekt-muenster.de\/wordpress\/ohne-stimme-1212-keine-stimmung\/#breadcrumb","itemListElement":[{"@type":"ListItem","position":1,"name":"Startseite","item":"https:\/\/www.fanprojekt-muenster.de\/wordpress\/"},{"@type":"ListItem","position":2,"name":"Ohne Stimme 12:12 Keine Stimmung"}]},{"@type":"WebSite","@id":"https:\/\/www.fanprojekt-muenster.de\/wordpress\/#website","url":"https:\/\/www.fanprojekt-muenster.de\/wordpress\/","name":"Fangemeinschaft Preu\u00dfen M\u00fcnster e. V.","description":"","publisher":{"@id":"https:\/\/www.fanprojekt-muenster.de\/wordpress\/#organization"},"potentialAction":[{"@type":"SearchAction","target":{"@type":"EntryPoint","urlTemplate":"https:\/\/www.fanprojekt-muenster.de\/wordpress\/?s={search_term_string}"},"query-input":{"@type":"PropertyValueSpecification","valueRequired":true,"valueName":"search_term_string"}}],"inLanguage":"de"},{"@type":"Organization","@id":"https:\/\/www.fanprojekt-muenster.de\/wordpress\/#organization","name":"Fangemeinschaft Preu\u00dfen M\u00fcnster e. V.","url":"https:\/\/www.fanprojekt-muenster.de\/wordpress\/","logo":{"@type":"ImageObject","inLanguage":"de","@id":"https:\/\/www.fanprojekt-muenster.de\/wordpress\/#\/schema\/logo\/image\/","url":"https:\/\/www.fanprojekt-muenster.de\/wordpress\/wp-content\/uploads\/2019\/07\/cropped-Website_Logo3-9.png","contentUrl":"https:\/\/www.fanprojekt-muenster.de\/wordpress\/wp-content\/uploads\/2019\/07\/cropped-Website_Logo3-9.png","width":224,"height":42,"caption":"Fangemeinschaft Preu\u00dfen M\u00fcnster e. V."},"image":{"@id":"https:\/\/www.fanprojekt-muenster.de\/wordpress\/#\/schema\/logo\/image\/"}},{"@type":"Person","@id":"https:\/\/www.fanprojekt-muenster.de\/wordpress\/#\/schema\/person\/9126cc4d73d0d07c75b487075111186c","name":"fp_superadmin","url":"https:\/\/www.fanprojekt-muenster.de\/wordpress\/author\/fp_superadmin\/"}]}},"author_meta":{"display_name":"fp_superadmin","author_link":"https:\/\/www.fanprojekt-muenster.de\/wordpress\/author\/fp_superadmin\/"},"featured_img":"https:\/\/www.fanprojekt-muenster.de\/wordpress\/wp-content\/uploads\/2012\/11\/entwurf-12doppelpunkt12-300x300.jpg","coauthors":[],"tax_additional":{"categories":{"linked":["<a href=\"https:\/\/www.fanprojekt-muenster.de\/wordpress\/category\/aktuelles\/\" class=\"advgb-post-tax-term\">Aktuelles<\/a>"],"unlinked":["<span class=\"advgb-post-tax-term\">Aktuelles<\/span>"]}},"comment_count":"0","relative_dates":{"created":"Posted 13\u00a0Jahren ago","modified":"Updated 13\u00a0Jahren ago"},"absolute_dates":{"created":"Posted on 28. November 2012","modified":"Updated on 28. November 2012"},"absolute_dates_time":{"created":"Posted on 28. November 2012 8:43","modified":"Updated on 28. November 2012 8:43"},"featured_img_caption":"","series_order":"","_links":{"self":[{"href":"https:\/\/www.fanprojekt-muenster.de\/wordpress\/wp-json\/wp\/v2\/posts\/137","targetHints":{"allow":["GET"]}}],"collection":[{"href":"https:\/\/www.fanprojekt-muenster.de\/wordpress\/wp-json\/wp\/v2\/posts"}],"about":[{"href":"https:\/\/www.fanprojekt-muenster.de\/wordpress\/wp-json\/wp\/v2\/types\/post"}],"author":[{"embeddable":true,"href":"https:\/\/www.fanprojekt-muenster.de\/wordpress\/wp-json\/wp\/v2\/users\/2"}],"replies":[{"embeddable":true,"href":"https:\/\/www.fanprojekt-muenster.de\/wordpress\/wp-json\/wp\/v2\/comments?post=137"}],"version-history":[{"count":0,"href":"https:\/\/www.fanprojekt-muenster.de\/wordpress\/wp-json\/wp\/v2\/posts\/137\/revisions"}],"wp:featuredmedia":[{"embeddable":true,"href":"https:\/\/www.fanprojekt-muenster.de\/wordpress\/wp-json\/wp\/v2\/media\/761"}],"wp:attachment":[{"href":"https:\/\/www.fanprojekt-muenster.de\/wordpress\/wp-json\/wp\/v2\/media?parent=137"}],"wp:term":[{"taxonomy":"category","embeddable":true,"href":"https:\/\/www.fanprojekt-muenster.de\/wordpress\/wp-json\/wp\/v2\/categories?post=137"},{"taxonomy":"post_tag","embeddable":true,"href":"https:\/\/www.fanprojekt-muenster.de\/wordpress\/wp-json\/wp\/v2\/tags?post=137"}],"curies":[{"name":"wp","href":"https:\/\/api.w.org\/{rel}","templated":true}]}}