{"id":1048,"date":"2013-07-19T15:10:41","date_gmt":"2013-07-19T13:10:41","guid":{"rendered":"http:\/\/www.fanprojekt-muenster.de\/fp\/?p=1048"},"modified":"2013-07-19T15:10:41","modified_gmt":"2013-07-19T13:10:41","slug":"auf-zu-neuen-ufern-mit-namensanderung-und-ehrgeizigen-zielen","status":"publish","type":"post","link":"https:\/\/www.fanprojekt-muenster.de\/wordpress\/auf-zu-neuen-ufern-mit-namensanderung-und-ehrgeizigen-zielen\/","title":{"rendered":"Auf zu neuen Ufern mit Namens\u00e4nderung und ehrgeizigen Zielen"},"content":{"rendered":"<p>Die 13. ordentliche Jahreshauptversammlung des Fanprojektes (FP) des SC Preu\u00dfen M\u00fcnster war eine ungew\u00f6hnlich spannende \u2013 haben die Fans des erfolgreichen Drittligisten doch die Weichen f\u00fcr eine Zukunft gestellt, die die Fanszene des Vereins und das Verh\u00e4ltnis derer untereinander umkrempeln k\u00f6nnte.<\/p>\n<p>Die Versammlung unter der Leitung der FP-Vorsitzenden Tanja Eilert vor rund 40 der insgesamt 420 Mitglieder des eigenst\u00e4ndigen Vereins unter dem Dach des Gesamtvereins begann wie \u00fcblich: Im R\u00fcckblick auf das vergangene Gesch\u00e4ftsjahr berichtete Eilert von den gelungenen Veranstaltungen wie dem Grillen mit der Mannschaft oder dem Neujahrsempfang. Zudem blickte sie zur\u00fcck auf die Rote-Karte-Aktion gegen Rassismus im Stadion, das Projekt Radio Mottekstrehle, f\u00fcr das noch Co-Moderatoren gesucht werden, diverse Spendenaktionen sowie die vom FP organisierten Busfahrten zu den Ausw\u00e4rtsspielen. F\u00fcr diese gelten in der neuen Saison neue Regeln, die auf der FP-Homepage nachzulesen sind.<\/p>\n<p>Im Kassenbericht berichtete Andreas Bode von einem operativen Verlust von etwa 2000 Euro, der aber aufgrund eines hohen vierstelligen Guthabens aufgefangen werden konnte. Der Vorstand gab bekannt, dass die Aufgaben des ausscheidenden bisherigen Schriftf\u00fchrers Thorsten Cloidt von Andreas Bode kommissarisch \u00fcbernommen werden. Raimund Plieth wird den Vorstand ebenfalls kommissarisch erg\u00e4nzen, er ist f\u00fcr die Organisation der beliebten Busfahrten zust\u00e4ndig. Der Vorstand wurde einstimmig entlastet.<br \/>\nIm zweiten Teil der rund dreist\u00fcndigen Jahreshauptversammlung in den R\u00e4umen des Fanports wurde es ungew\u00f6hnlich spannend. Nico Rensing, langj\u00e4hriger Preu\u00dfenfan und FP-Mitglied, stellte einen Arbeitskreis und dessen Anliegen vor, den bisher nur der FP-Vorstand und wenige Eingeweihte kannten. Der lose Zusammenschluss von etwa zehn bis 15 Fans aus allen Bereichen des Stadions (Adler 79, Deviants, Fanprojekt, ehem. Block O , Lunatics, Rude Boys, A-Block und Einzelpersonen der Trib\u00fcne und der Gegengerade) besteht seit eineinhalb Jahren und hat im Hintergrund gro\u00dfe Vorhaben f\u00fcr die Zukunft erarbeitet, die nun den FP-Mitgliedern vorgestellt wurden.<br \/>\nDie Gruppe m\u00f6chte \u2013 gemeinsam mit oder unter dem Dach des Fanprojektes \u2013 f\u00fcr den Erhalt der Fankultur im Preu\u00dfenstadion und f\u00fcr mehr Mitbestimmung der Fans und Mitglieder im Verein k\u00e4mpfen. Die Ziele der Arbeitsgruppe sind:<br \/>\n&#8211; Strukturen: Bewusstsein innerhalb der Fanszene schaffen, das eine aktive Mitgliedschaft jedes einzelnen Fans im FP und im Hauptverein SCP wichtig ist.<br \/>\n&#8211; Fanrat: Bildung eine \u201eFanrates\u201c, der regelm\u00e4\u00dfig von den Mitgliedern des FP auf der Jahreshauptversammlung aus den Reihen aller Fanprojektmitglieder gew\u00e4hlt wird. Aus diesem \u201eFanrat\u201c wird ein Vertreter gew\u00e4hlt, der das FP und damit die gesamte Fanszene gegen\u00fcber der Vereinsf\u00fchrung des SCP vertritt.<br \/>\nSatzungs\u00e4nderung: Antrag auf Satzungs\u00e4nderung im Gesamtverein mit dem Ziel, einen Fanvertreter regelm\u00e4\u00dfig als \u201eBeisitzer\u201c von Vorstandssitzungen und \/oder Aufsichtsratssitzungen zu etablieren. Alternativ: Ein Fanvertreter wird fester Bestandteil des Aufsichtsrates.<\/p>\n<p>FP-Vorstand und die anwesenden Fanprojektmitglieder haben die Ideen und Vorhaben mehrheitlich sehr positiv aufgenommen und werden zwei konkrete Schritte ergreifen:<br \/>\n1. Das Fanprojekt wird seinen Namen \u00e4ndern. Da es h\u00e4ufig Verwechslungen mit den Sozialp\u00e4dagogischen Fanprojekten (in M\u00fcnster Fanport) gibt, und ein neuer Name auch Zeichen eines Aufbruches des Fanprojektes zu neuen Ufern darstellen soll, wird der Name an den Fanport \u00fcbergeben, wenn dieser ihn will. Dieser Namens\u00e4nderungsprozess wird eine Weile dauern, den neuen Namen sollen die FP-Mitglieder mitbestimmen d\u00fcrfen.<br \/>\n2. Durch die Integration des Arbeitskreises mitsamt seiner Ideen und Ziele in die Arbeit des Fanprojektes will sich dieses breiter aufstellen und vor allem f\u00fcr die Mitglieder der sogenannten aktiven Fanszene (Ultras, Arbeitskreis Gemeinsame Kurve etc.) attraktiver werden. Im Ergebnis soll ein runderneuerter Dachverband aller Fans in M\u00fcnster entstehen, der seinem Credo \u201eVon Fans f\u00fcr Fans\u201c noch viel mehr gerecht wird als in den vergangenen 13 Jahren.<br \/>\nEin Fanprojektmitglied brachte es etwas drastisch auf den Punkt: \u201eWenn das alte Pferd tot ist, muss man auch absteigen.\u201c Damit sprach er an, was die Fanprojektmitglieder w\u00fcnschen und nun aktiv angehen: Den Aufbruch zu neuen Ufern mit neuen Mitgliedern und neuen, ehrgeizigen Zielen. Diese werden nun zeitnah mit dem Vorstand des SC Preu\u00dfen besprochen.<\/p>\n","protected":false},"excerpt":{"rendered":"<p>Die 13. ordentliche Jahreshauptversammlung des Fanprojektes (FP) des SC Preu\u00dfen M\u00fcnster war eine ungew\u00f6hnlich spannende \u2013 haben die Fans des erfolgreichen Drittligisten doch die Weichen f\u00fcr eine Zukunft gestellt, die&#8230; <a class=\"read-more-link\" href=\"https:\/\/www.fanprojekt-muenster.de\/wordpress\/auf-zu-neuen-ufern-mit-namensanderung-und-ehrgeizigen-zielen\/\">Read more &raquo;<\/a><\/p>\n","protected":false},"author":2,"featured_media":708,"comment_status":"open","ping_status":"open","sticky":false,"template":"","format":"standard","meta":{"advgb_blocks_editor_width":"","advgb_blocks_columns_visual_guide":"","footnotes":""},"categories":[3],"tags":[],"class_list":["post-1048","post","type-post","status-publish","format-standard","has-post-thumbnail","hentry","category-aktuelles"],"featured_image_src":"https:\/\/www.fanprojekt-muenster.de\/wordpress\/wp-content\/uploads\/2013\/04\/Preussenadler_FP_kl.jpg","author_info":{"display_name":"fp_superadmin","author_link":"https:\/\/www.fanprojekt-muenster.de\/wordpress\/author\/fp_superadmin\/"},"yoast_head":"<!-- This site is optimized with the Yoast SEO plugin v27.2 - https:\/\/yoast.com\/product\/yoast-seo-wordpress\/ -->\n<title>Auf zu neuen Ufern mit Namens\u00e4nderung und ehrgeizigen Zielen - Fangemeinschaft Preu\u00dfen M\u00fcnster e. V.<\/title>\n<meta name=\"robots\" content=\"index, follow, max-snippet:-1, max-image-preview:large, max-video-preview:-1\" \/>\n<link rel=\"canonical\" href=\"https:\/\/www.fanprojekt-muenster.de\/wordpress\/auf-zu-neuen-ufern-mit-namensanderung-und-ehrgeizigen-zielen\/\" \/>\n<meta property=\"og:locale\" content=\"de_DE\" \/>\n<meta property=\"og:type\" content=\"article\" \/>\n<meta property=\"og:title\" content=\"Auf zu neuen Ufern mit Namens\u00e4nderung und ehrgeizigen Zielen - Fangemeinschaft Preu\u00dfen M\u00fcnster e. V.\" \/>\n<meta property=\"og:description\" content=\"Die 13. ordentliche Jahreshauptversammlung des Fanprojektes (FP) des SC Preu\u00dfen M\u00fcnster war eine ungew\u00f6hnlich spannende \u2013 haben die Fans des erfolgreichen Drittligisten doch die Weichen f\u00fcr eine Zukunft gestellt, die... Read more &raquo;\" \/>\n<meta property=\"og:url\" content=\"https:\/\/www.fanprojekt-muenster.de\/wordpress\/auf-zu-neuen-ufern-mit-namensanderung-und-ehrgeizigen-zielen\/\" \/>\n<meta property=\"og:site_name\" content=\"Fangemeinschaft Preu\u00dfen M\u00fcnster e. V.\" \/>\n<meta property=\"article:published_time\" content=\"2013-07-19T13:10:41+00:00\" \/>\n<meta property=\"og:image\" content=\"https:\/\/www.fanprojekt-muenster.de\/wordpress\/wp-content\/uploads\/2013\/04\/Preussenadler_FP_kl.jpg\" \/>\n\t<meta property=\"og:image:width\" content=\"260\" \/>\n\t<meta property=\"og:image:height\" content=\"162\" \/>\n\t<meta property=\"og:image:type\" content=\"image\/jpeg\" \/>\n<meta name=\"author\" content=\"fp_superadmin\" \/>\n<meta name=\"twitter:card\" content=\"summary_large_image\" \/>\n<meta name=\"twitter:label1\" content=\"Verfasst von\" \/>\n\t<meta name=\"twitter:data1\" content=\"fp_superadmin\" \/>\n\t<meta name=\"twitter:label2\" content=\"Gesch\u00e4tzte Lesezeit\" \/>\n\t<meta name=\"twitter:data2\" content=\"3\u00a0Minuten\" \/>\n<script type=\"application\/ld+json\" class=\"yoast-schema-graph\">{\"@context\":\"https:\/\/schema.org\",\"@graph\":[{\"@type\":\"Article\",\"@id\":\"https:\/\/www.fanprojekt-muenster.de\/wordpress\/auf-zu-neuen-ufern-mit-namensanderung-und-ehrgeizigen-zielen\/#article\",\"isPartOf\":{\"@id\":\"https:\/\/www.fanprojekt-muenster.de\/wordpress\/auf-zu-neuen-ufern-mit-namensanderung-und-ehrgeizigen-zielen\/\"},\"author\":{\"name\":\"fp_superadmin\",\"@id\":\"https:\/\/www.fanprojekt-muenster.de\/wordpress\/#\/schema\/person\/9126cc4d73d0d07c75b487075111186c\"},\"headline\":\"Auf zu neuen Ufern mit Namens\u00e4nderung und ehrgeizigen Zielen\",\"datePublished\":\"2013-07-19T13:10:41+00:00\",\"mainEntityOfPage\":{\"@id\":\"https:\/\/www.fanprojekt-muenster.de\/wordpress\/auf-zu-neuen-ufern-mit-namensanderung-und-ehrgeizigen-zielen\/\"},\"wordCount\":666,\"commentCount\":0,\"publisher\":{\"@id\":\"https:\/\/www.fanprojekt-muenster.de\/wordpress\/#organization\"},\"image\":{\"@id\":\"https:\/\/www.fanprojekt-muenster.de\/wordpress\/auf-zu-neuen-ufern-mit-namensanderung-und-ehrgeizigen-zielen\/#primaryimage\"},\"thumbnailUrl\":\"https:\/\/www.fanprojekt-muenster.de\/wordpress\/wp-content\/uploads\/2013\/04\/Preussenadler_FP_kl.jpg\",\"articleSection\":[\"Aktuelles\"],\"inLanguage\":\"de\",\"potentialAction\":[{\"@type\":\"CommentAction\",\"name\":\"Comment\",\"target\":[\"https:\/\/www.fanprojekt-muenster.de\/wordpress\/auf-zu-neuen-ufern-mit-namensanderung-und-ehrgeizigen-zielen\/#respond\"]}]},{\"@type\":\"WebPage\",\"@id\":\"https:\/\/www.fanprojekt-muenster.de\/wordpress\/auf-zu-neuen-ufern-mit-namensanderung-und-ehrgeizigen-zielen\/\",\"url\":\"https:\/\/www.fanprojekt-muenster.de\/wordpress\/auf-zu-neuen-ufern-mit-namensanderung-und-ehrgeizigen-zielen\/\",\"name\":\"Auf zu neuen Ufern mit Namens\u00e4nderung und ehrgeizigen Zielen - Fangemeinschaft Preu\u00dfen M\u00fcnster e. V.\",\"isPartOf\":{\"@id\":\"https:\/\/www.fanprojekt-muenster.de\/wordpress\/#website\"},\"primaryImageOfPage\":{\"@id\":\"https:\/\/www.fanprojekt-muenster.de\/wordpress\/auf-zu-neuen-ufern-mit-namensanderung-und-ehrgeizigen-zielen\/#primaryimage\"},\"image\":{\"@id\":\"https:\/\/www.fanprojekt-muenster.de\/wordpress\/auf-zu-neuen-ufern-mit-namensanderung-und-ehrgeizigen-zielen\/#primaryimage\"},\"thumbnailUrl\":\"https:\/\/www.fanprojekt-muenster.de\/wordpress\/wp-content\/uploads\/2013\/04\/Preussenadler_FP_kl.jpg\",\"datePublished\":\"2013-07-19T13:10:41+00:00\",\"breadcrumb\":{\"@id\":\"https:\/\/www.fanprojekt-muenster.de\/wordpress\/auf-zu-neuen-ufern-mit-namensanderung-und-ehrgeizigen-zielen\/#breadcrumb\"},\"inLanguage\":\"de\",\"potentialAction\":[{\"@type\":\"ReadAction\",\"target\":[\"https:\/\/www.fanprojekt-muenster.de\/wordpress\/auf-zu-neuen-ufern-mit-namensanderung-und-ehrgeizigen-zielen\/\"]}]},{\"@type\":\"ImageObject\",\"inLanguage\":\"de\",\"@id\":\"https:\/\/www.fanprojekt-muenster.de\/wordpress\/auf-zu-neuen-ufern-mit-namensanderung-und-ehrgeizigen-zielen\/#primaryimage\",\"url\":\"https:\/\/www.fanprojekt-muenster.de\/wordpress\/wp-content\/uploads\/2013\/04\/Preussenadler_FP_kl.jpg\",\"contentUrl\":\"https:\/\/www.fanprojekt-muenster.de\/wordpress\/wp-content\/uploads\/2013\/04\/Preussenadler_FP_kl.jpg\",\"width\":260,\"height\":162},{\"@type\":\"BreadcrumbList\",\"@id\":\"https:\/\/www.fanprojekt-muenster.de\/wordpress\/auf-zu-neuen-ufern-mit-namensanderung-und-ehrgeizigen-zielen\/#breadcrumb\",\"itemListElement\":[{\"@type\":\"ListItem\",\"position\":1,\"name\":\"Startseite\",\"item\":\"https:\/\/www.fanprojekt-muenster.de\/wordpress\/\"},{\"@type\":\"ListItem\",\"position\":2,\"name\":\"Auf zu neuen Ufern mit Namens\u00e4nderung und ehrgeizigen Zielen\"}]},{\"@type\":\"WebSite\",\"@id\":\"https:\/\/www.fanprojekt-muenster.de\/wordpress\/#website\",\"url\":\"https:\/\/www.fanprojekt-muenster.de\/wordpress\/\",\"name\":\"Fangemeinschaft Preu\u00dfen M\u00fcnster e. V.\",\"description\":\"\",\"publisher\":{\"@id\":\"https:\/\/www.fanprojekt-muenster.de\/wordpress\/#organization\"},\"potentialAction\":[{\"@type\":\"SearchAction\",\"target\":{\"@type\":\"EntryPoint\",\"urlTemplate\":\"https:\/\/www.fanprojekt-muenster.de\/wordpress\/?s={search_term_string}\"},\"query-input\":{\"@type\":\"PropertyValueSpecification\",\"valueRequired\":true,\"valueName\":\"search_term_string\"}}],\"inLanguage\":\"de\"},{\"@type\":\"Organization\",\"@id\":\"https:\/\/www.fanprojekt-muenster.de\/wordpress\/#organization\",\"name\":\"Fangemeinschaft Preu\u00dfen M\u00fcnster e. V.\",\"url\":\"https:\/\/www.fanprojekt-muenster.de\/wordpress\/\",\"logo\":{\"@type\":\"ImageObject\",\"inLanguage\":\"de\",\"@id\":\"https:\/\/www.fanprojekt-muenster.de\/wordpress\/#\/schema\/logo\/image\/\",\"url\":\"https:\/\/www.fanprojekt-muenster.de\/wordpress\/wp-content\/uploads\/2019\/07\/cropped-Website_Logo3-9.png\",\"contentUrl\":\"https:\/\/www.fanprojekt-muenster.de\/wordpress\/wp-content\/uploads\/2019\/07\/cropped-Website_Logo3-9.png\",\"width\":224,\"height\":42,\"caption\":\"Fangemeinschaft Preu\u00dfen M\u00fcnster e. V.\"},\"image\":{\"@id\":\"https:\/\/www.fanprojekt-muenster.de\/wordpress\/#\/schema\/logo\/image\/\"}},{\"@type\":\"Person\",\"@id\":\"https:\/\/www.fanprojekt-muenster.de\/wordpress\/#\/schema\/person\/9126cc4d73d0d07c75b487075111186c\",\"name\":\"fp_superadmin\",\"url\":\"https:\/\/www.fanprojekt-muenster.de\/wordpress\/author\/fp_superadmin\/\"}]}<\/script>\n<!-- \/ Yoast SEO plugin. -->","yoast_head_json":{"title":"Auf zu neuen Ufern mit Namens\u00e4nderung und ehrgeizigen Zielen - Fangemeinschaft Preu\u00dfen M\u00fcnster e. V.","robots":{"index":"index","follow":"follow","max-snippet":"max-snippet:-1","max-image-preview":"max-image-preview:large","max-video-preview":"max-video-preview:-1"},"canonical":"https:\/\/www.fanprojekt-muenster.de\/wordpress\/auf-zu-neuen-ufern-mit-namensanderung-und-ehrgeizigen-zielen\/","og_locale":"de_DE","og_type":"article","og_title":"Auf zu neuen Ufern mit Namens\u00e4nderung und ehrgeizigen Zielen - Fangemeinschaft Preu\u00dfen M\u00fcnster e. V.","og_description":"Die 13. ordentliche Jahreshauptversammlung des Fanprojektes (FP) des SC Preu\u00dfen M\u00fcnster war eine ungew\u00f6hnlich spannende \u2013 haben die Fans des erfolgreichen Drittligisten doch die Weichen f\u00fcr eine Zukunft gestellt, die... Read more &raquo;","og_url":"https:\/\/www.fanprojekt-muenster.de\/wordpress\/auf-zu-neuen-ufern-mit-namensanderung-und-ehrgeizigen-zielen\/","og_site_name":"Fangemeinschaft Preu\u00dfen M\u00fcnster e. V.","article_published_time":"2013-07-19T13:10:41+00:00","og_image":[{"width":260,"height":162,"url":"https:\/\/www.fanprojekt-muenster.de\/wordpress\/wp-content\/uploads\/2013\/04\/Preussenadler_FP_kl.jpg","type":"image\/jpeg"}],"author":"fp_superadmin","twitter_card":"summary_large_image","twitter_misc":{"Verfasst von":"fp_superadmin","Gesch\u00e4tzte Lesezeit":"3\u00a0Minuten"},"schema":{"@context":"https:\/\/schema.org","@graph":[{"@type":"Article","@id":"https:\/\/www.fanprojekt-muenster.de\/wordpress\/auf-zu-neuen-ufern-mit-namensanderung-und-ehrgeizigen-zielen\/#article","isPartOf":{"@id":"https:\/\/www.fanprojekt-muenster.de\/wordpress\/auf-zu-neuen-ufern-mit-namensanderung-und-ehrgeizigen-zielen\/"},"author":{"name":"fp_superadmin","@id":"https:\/\/www.fanprojekt-muenster.de\/wordpress\/#\/schema\/person\/9126cc4d73d0d07c75b487075111186c"},"headline":"Auf zu neuen Ufern mit Namens\u00e4nderung und ehrgeizigen Zielen","datePublished":"2013-07-19T13:10:41+00:00","mainEntityOfPage":{"@id":"https:\/\/www.fanprojekt-muenster.de\/wordpress\/auf-zu-neuen-ufern-mit-namensanderung-und-ehrgeizigen-zielen\/"},"wordCount":666,"commentCount":0,"publisher":{"@id":"https:\/\/www.fanprojekt-muenster.de\/wordpress\/#organization"},"image":{"@id":"https:\/\/www.fanprojekt-muenster.de\/wordpress\/auf-zu-neuen-ufern-mit-namensanderung-und-ehrgeizigen-zielen\/#primaryimage"},"thumbnailUrl":"https:\/\/www.fanprojekt-muenster.de\/wordpress\/wp-content\/uploads\/2013\/04\/Preussenadler_FP_kl.jpg","articleSection":["Aktuelles"],"inLanguage":"de","potentialAction":[{"@type":"CommentAction","name":"Comment","target":["https:\/\/www.fanprojekt-muenster.de\/wordpress\/auf-zu-neuen-ufern-mit-namensanderung-und-ehrgeizigen-zielen\/#respond"]}]},{"@type":"WebPage","@id":"https:\/\/www.fanprojekt-muenster.de\/wordpress\/auf-zu-neuen-ufern-mit-namensanderung-und-ehrgeizigen-zielen\/","url":"https:\/\/www.fanprojekt-muenster.de\/wordpress\/auf-zu-neuen-ufern-mit-namensanderung-und-ehrgeizigen-zielen\/","name":"Auf zu neuen Ufern mit Namens\u00e4nderung und ehrgeizigen Zielen - Fangemeinschaft Preu\u00dfen M\u00fcnster e. V.","isPartOf":{"@id":"https:\/\/www.fanprojekt-muenster.de\/wordpress\/#website"},"primaryImageOfPage":{"@id":"https:\/\/www.fanprojekt-muenster.de\/wordpress\/auf-zu-neuen-ufern-mit-namensanderung-und-ehrgeizigen-zielen\/#primaryimage"},"image":{"@id":"https:\/\/www.fanprojekt-muenster.de\/wordpress\/auf-zu-neuen-ufern-mit-namensanderung-und-ehrgeizigen-zielen\/#primaryimage"},"thumbnailUrl":"https:\/\/www.fanprojekt-muenster.de\/wordpress\/wp-content\/uploads\/2013\/04\/Preussenadler_FP_kl.jpg","datePublished":"2013-07-19T13:10:41+00:00","breadcrumb":{"@id":"https:\/\/www.fanprojekt-muenster.de\/wordpress\/auf-zu-neuen-ufern-mit-namensanderung-und-ehrgeizigen-zielen\/#breadcrumb"},"inLanguage":"de","potentialAction":[{"@type":"ReadAction","target":["https:\/\/www.fanprojekt-muenster.de\/wordpress\/auf-zu-neuen-ufern-mit-namensanderung-und-ehrgeizigen-zielen\/"]}]},{"@type":"ImageObject","inLanguage":"de","@id":"https:\/\/www.fanprojekt-muenster.de\/wordpress\/auf-zu-neuen-ufern-mit-namensanderung-und-ehrgeizigen-zielen\/#primaryimage","url":"https:\/\/www.fanprojekt-muenster.de\/wordpress\/wp-content\/uploads\/2013\/04\/Preussenadler_FP_kl.jpg","contentUrl":"https:\/\/www.fanprojekt-muenster.de\/wordpress\/wp-content\/uploads\/2013\/04\/Preussenadler_FP_kl.jpg","width":260,"height":162},{"@type":"BreadcrumbList","@id":"https:\/\/www.fanprojekt-muenster.de\/wordpress\/auf-zu-neuen-ufern-mit-namensanderung-und-ehrgeizigen-zielen\/#breadcrumb","itemListElement":[{"@type":"ListItem","position":1,"name":"Startseite","item":"https:\/\/www.fanprojekt-muenster.de\/wordpress\/"},{"@type":"ListItem","position":2,"name":"Auf zu neuen Ufern mit Namens\u00e4nderung und ehrgeizigen Zielen"}]},{"@type":"WebSite","@id":"https:\/\/www.fanprojekt-muenster.de\/wordpress\/#website","url":"https:\/\/www.fanprojekt-muenster.de\/wordpress\/","name":"Fangemeinschaft Preu\u00dfen M\u00fcnster e. V.","description":"","publisher":{"@id":"https:\/\/www.fanprojekt-muenster.de\/wordpress\/#organization"},"potentialAction":[{"@type":"SearchAction","target":{"@type":"EntryPoint","urlTemplate":"https:\/\/www.fanprojekt-muenster.de\/wordpress\/?s={search_term_string}"},"query-input":{"@type":"PropertyValueSpecification","valueRequired":true,"valueName":"search_term_string"}}],"inLanguage":"de"},{"@type":"Organization","@id":"https:\/\/www.fanprojekt-muenster.de\/wordpress\/#organization","name":"Fangemeinschaft Preu\u00dfen M\u00fcnster e. V.","url":"https:\/\/www.fanprojekt-muenster.de\/wordpress\/","logo":{"@type":"ImageObject","inLanguage":"de","@id":"https:\/\/www.fanprojekt-muenster.de\/wordpress\/#\/schema\/logo\/image\/","url":"https:\/\/www.fanprojekt-muenster.de\/wordpress\/wp-content\/uploads\/2019\/07\/cropped-Website_Logo3-9.png","contentUrl":"https:\/\/www.fanprojekt-muenster.de\/wordpress\/wp-content\/uploads\/2019\/07\/cropped-Website_Logo3-9.png","width":224,"height":42,"caption":"Fangemeinschaft Preu\u00dfen M\u00fcnster e. V."},"image":{"@id":"https:\/\/www.fanprojekt-muenster.de\/wordpress\/#\/schema\/logo\/image\/"}},{"@type":"Person","@id":"https:\/\/www.fanprojekt-muenster.de\/wordpress\/#\/schema\/person\/9126cc4d73d0d07c75b487075111186c","name":"fp_superadmin","url":"https:\/\/www.fanprojekt-muenster.de\/wordpress\/author\/fp_superadmin\/"}]}},"author_meta":{"display_name":"fp_superadmin","author_link":"https:\/\/www.fanprojekt-muenster.de\/wordpress\/author\/fp_superadmin\/"},"featured_img":"https:\/\/www.fanprojekt-muenster.de\/wordpress\/wp-content\/uploads\/2013\/04\/Preussenadler_FP_kl.jpg","coauthors":[],"tax_additional":{"categories":{"linked":["<a href=\"https:\/\/www.fanprojekt-muenster.de\/wordpress\/category\/aktuelles\/\" class=\"advgb-post-tax-term\">Aktuelles<\/a>"],"unlinked":["<span class=\"advgb-post-tax-term\">Aktuelles<\/span>"]}},"comment_count":"0","relative_dates":{"created":"Posted 13\u00a0Jahren ago","modified":"Updated 13\u00a0Jahren ago"},"absolute_dates":{"created":"Posted on 19. Juli 2013","modified":"Updated on 19. Juli 2013"},"absolute_dates_time":{"created":"Posted on 19. Juli 2013 15:10","modified":"Updated on 19. Juli 2013 15:10"},"featured_img_caption":"","series_order":"","_links":{"self":[{"href":"https:\/\/www.fanprojekt-muenster.de\/wordpress\/wp-json\/wp\/v2\/posts\/1048","targetHints":{"allow":["GET"]}}],"collection":[{"href":"https:\/\/www.fanprojekt-muenster.de\/wordpress\/wp-json\/wp\/v2\/posts"}],"about":[{"href":"https:\/\/www.fanprojekt-muenster.de\/wordpress\/wp-json\/wp\/v2\/types\/post"}],"author":[{"embeddable":true,"href":"https:\/\/www.fanprojekt-muenster.de\/wordpress\/wp-json\/wp\/v2\/users\/2"}],"replies":[{"embeddable":true,"href":"https:\/\/www.fanprojekt-muenster.de\/wordpress\/wp-json\/wp\/v2\/comments?post=1048"}],"version-history":[{"count":0,"href":"https:\/\/www.fanprojekt-muenster.de\/wordpress\/wp-json\/wp\/v2\/posts\/1048\/revisions"}],"wp:featuredmedia":[{"embeddable":true,"href":"https:\/\/www.fanprojekt-muenster.de\/wordpress\/wp-json\/wp\/v2\/media\/708"}],"wp:attachment":[{"href":"https:\/\/www.fanprojekt-muenster.de\/wordpress\/wp-json\/wp\/v2\/media?parent=1048"}],"wp:term":[{"taxonomy":"category","embeddable":true,"href":"https:\/\/www.fanprojekt-muenster.de\/wordpress\/wp-json\/wp\/v2\/categories?post=1048"},{"taxonomy":"post_tag","embeddable":true,"href":"https:\/\/www.fanprojekt-muenster.de\/wordpress\/wp-json\/wp\/v2\/tags?post=1048"}],"curies":[{"name":"wp","href":"https:\/\/api.w.org\/{rel}","templated":true}]}}