{"id":1045,"date":"2013-07-15T20:09:18","date_gmt":"2013-07-15T18:09:18","guid":{"rendered":"http:\/\/www.fanprojekt-muenster.de\/fp\/?p=1045"},"modified":"2013-07-15T20:09:18","modified_gmt":"2013-07-15T18:09:18","slug":"hilfe-nach-flut-in-dresden","status":"publish","type":"post","link":"https:\/\/www.fanprojekt-muenster.de\/wordpress\/hilfe-nach-flut-in-dresden\/","title":{"rendered":"Hilfe nach Flut in Dresden"},"content":{"rendered":"<p><img loading=\"lazy\" decoding=\"async\" class=\"alignnone size-full wp-image-1046\" alt=\"1012365_533388080048535_2075608339_n\" src=\"http:\/\/www.fanprojekt-muenster.de\/wp-content\/uploads\/2013\/07\/1012365_533388080048535_2075608339_n.jpg\" width=\"840\" height=\"558\" srcset=\"https:\/\/www.fanprojekt-muenster.de\/wordpress\/wp-content\/uploads\/2013\/07\/1012365_533388080048535_2075608339_n.jpg 840w, https:\/\/www.fanprojekt-muenster.de\/wordpress\/wp-content\/uploads\/2013\/07\/1012365_533388080048535_2075608339_n-300x199.jpg 300w, https:\/\/www.fanprojekt-muenster.de\/wordpress\/wp-content\/uploads\/2013\/07\/1012365_533388080048535_2075608339_n-768x510.jpg 768w, https:\/\/www.fanprojekt-muenster.de\/wordpress\/wp-content\/uploads\/2013\/07\/1012365_533388080048535_2075608339_n-576x384.jpg 576w\" sizes=\"auto, (max-width: 840px) 100vw, 840px\" \/><\/p>\n<p>Letzte Woche schrieb uns der SG Dynamo Dresden Supporters Club Nordrhein-Westfalen an, mit der Bitte um eine Spende um z.B. das Nachwuchsleistungszentrum als auch das Kinderhaus &#8222;Jona&#8220; in Dresden finanziell zu unterst\u00fctzen, welche beide durch das 2. Jahrhunderthochwasser zerst\u00f6rt wurden.<br \/>\nGetreu dem Motto: &#8222;Getrennt in den Farben, in der Sache vereint!<br \/>\nHilfsbereitschaft und soziales Engagment kennt keine Rivalit\u00e4ten oder Vorurteile!&#8220; haben wir aus unseren bescheidenen Mitteln 50\u20ac \u00fcberwiesen, da wir wissen, das jeder Beitrag hilft. Selbst dieser kleine Beitrag, zumal aus M\u00fcnster, kam bei den Jungs wohl echt gut an.<br \/>\nSolltet ihr das gleiche tun wollen, anbei ein paar Links!<br \/>\n&#8212;&#8212;&#8212;&#8212;&#8212;&#8212;&#8212;&#8212;&#8212;&#8212;&#8212;&#8212;&#8212;&#8212;&#8212;&#8212;&#8212;&#8212;&#8212;-<br \/>\nSpendenvideo: <a href=\"https:\/\/www.youtube.com\/watch?v=GW2kxdeqD7E\">https:\/\/www.youtube.com\/watch?v=GW2kxdeqD7E<\/a><br \/>\nWebsite: <a href=\"http:\/\/www.sgd-supporters-club-nrw.de\">http:\/\/www.sgd-supporters-club-nrw.de<\/a><br \/>\nFacebook: <a href=\"http:\/\/www.facebook.com\/sgd.supporters.club.nrw\">http:\/\/www.facebook.com\/sgd.supporters.club.nrw<\/a><\/p>\n<p><strong>Und hier die original Nachfrage:<\/strong><br \/>\n<em>&#8222;Liebe Fu\u00dfballfans des Vereins Preu\u00dfen M\u00fcnster!<\/em><br \/>\n<em> Mein Name ist Riccardo Berger, ich wohne im niederheinischen Goch und ich schreibe Euch in meiner Funktion als 1.Vorsitzender des Fu\u00dfballfanclubs \u201eSG Dynamo Dresden Supporters Club Nordrhein-Westfalen\u201c.<\/em><br \/>\n<em> Bevor ihr anfangt, unsere Zeilen zu lesen, m\u00f6chten wir Euch bitten, eventuelle Vorurteile und Abneigungen uns gegen\u00fcber f\u00fcr einen Moment des Innehaltens abzulegen, beiseite zu schieben und einen Blick \u00fcber den Tellerrand hinaus zu werfen.<\/em><\/p>\n<p><em>Bitte haltet Euch die Frage vor Augen, warum es leider nach \u00fcber 20 Jahren politischer Wiedervereinigung immer noch so ist, das es einen gro\u00dfen Unterschied macht, wo man geboren wurde. Wir Mitglieder unseres Fanclubs sind durch die verschiedensten Umst\u00e4nde im sch\u00f6nen Nordrhein-Westfalen gelandet, sei es durch einen beruflichen Neuanfang, durch einen elterlichen Umzug, oder durch das Kennenlernen einer sch\u00f6nen westf\u00e4lischen Frau.<\/em><\/p>\n<p><em>Wir alle haben Nordrhein-Westfalen tief in unser Herz geschlossen und f\u00fchlen uns hier sehr wohl. Daher schreiben wir mit unserem Anliegen nun auch so viele Fans wie m\u00f6glich speziell aus Nordrhein-Westfalen an, weil wir wirklich etwas bewegen wollen.<\/em><\/p>\n<p><em>Nur eines haben wir dabei auch nie vergessen, und zwar die Tatsache, wo wir urspr\u00fcnglich herkommen. Und zu welchem Fu\u00dfballclub wir schon als kleine Kinder an der Hand des Opas gingen. Dazu stehen wir auch heute noch getreu der Devise \u201eSupport your local Team\u201c. Im Gegenzug dazu w\u00fcrdet ihr genau das allerselbe tun, wenn ihr Eure Heimat NRW in Richtung M\u00fcnchen, Hamburg oder Ostdeutschland verlassen m\u00fcsstet, w\u00fcrdet ihr auch immer ein Leben lang hinter Eurem Team stehen. Daher denken wir, k\u00f6nnt ihr uns auch ein St\u00fcck weit verstehen.<\/em><\/p>\n<p><em>Es geht in unserem Schreiben aber nicht um Fu\u00dfball, nicht um Rivalit\u00e4ten, nicht um Ligenzugeh\u00f6rigkeiten, nicht um Meisterschaften und Pokale.Denn es gibt Dinge im Leben, die wichtiger sind als das alles \u2013 n\u00e4mlich Humanit\u00e4t.<\/em><\/p>\n<p><em>\u00a0Sicherlich sind die Bilder der letzten Tage und Wochen auch an Euch nicht spurlos vorbei gegangen. Diese schrecklichen Bilder der erneuten Hochwasserkatastrophe, die zum wiederholten Male vielen Menschen im Osten unserer Republik vieles, wenn nicht gar alles nahmen. Wir alle sind selber noch schockiert, von dem, was wir das miterleben \u201emussten&#8220;.<\/em><\/p>\n<p><em>War es nicht die Hochwasserkatastrophe 2002, die als \u201eJahrhundertflut&#8220; in die Geschichtsb\u00fccher einging? Einmalig, und sowas kommt nie wieder? Und nun kam es leider doch wieder. Auch wir als in Nordrhein-Westfalen ans\u00e4ssiger Fanclub des Fu\u00dfballvereins Dynamo Dresden haben uns unsere Gedanken gemacht, wie wir diesen Menschen helfen k\u00f6nnen. Zum einen Teil waren wir mit ein paar Leuten f\u00fcr \u00fcber 1 Woche selbst vor Ort, um mit anzupacken und die immensen Sch\u00e4den mit aufzur\u00e4umen. Zum anderen Teil planen wir f\u00fcr den Monat Juli ein Benefiz-Fu\u00dfball-Turnier, indem wir gerne recht zahlreich verschiedene Fanclubs der hiesigen Fu\u00dfballvereine in Nordrhein-Westfalen einladen m\u00f6chten.Solltet ihr an so einem Turnier bereits Interesse haben, k\u00f6nnt ihr uns das gerne \u201evorab\u201c mitteilen. Die einfachste und schnellste Art der Hilfe soll die hier vorgestellte Spendenaktion unseres Fanclubs sein.<\/em><\/p>\n<p><em>Unser Spendenvideo findet ihr unter: <a href=\"http:\/\/www.youtube.com\/watch?v=GW2kxdeqD7E\">http:\/\/www.youtube.com\/watch?v=GW2kxdeqD7E<\/a><\/em><\/p>\n<p><em>\u00a0Es ist vollkommen egal, von welchem Verein Du Fan bist! Getrennt in den Farben, in der Sache vereint! Hilfsbereitschaft und soziales Engagment kennt keine Rivalit\u00e4ten oder Vorurteile!<\/em><br \/>\n<em> Bitte unterst\u00fctzt unsere Spendenaktion und gebt den Kindern ihre Heimat zur\u00fcck! JEDER Euro hilft! Wir haben diese Spendenaktion selbst organisiert, weil wir Deutschland gerne aufzeigen m\u00f6chten, das Fu\u00dfballfans nunmal KEINE Verbrecher sind! Das es m\u00f6glich ist, das viele Menschen unterschiedlichster Interessengruppen f\u00fcr eine gute Sache zusammenstehen k\u00f6nnen! Warum soll das, was wir alle vor ein paar Monaten mit der Aktion \u201e12:12 \u2013 Ohne Stimme keine Stimmung\u201c zusammen geschafft haben, nicht noch einmal m\u00f6glich sein?<\/em><\/p>\n<p><em>Wir sind alle Teil einer gro\u00dfen Familie, und sollten als Einheit mit einem einzigen Ziel handeln: Wir sollten das, was man uns im Kindergarten und in der Schule beigebracht hat, miteinander zu reden, andere Menschen zu respektieren, zu teilen und nicht gierig zu sein, nun als erwachsene Mneschen auch in die Tat umsetzen k\u00f6nnen. Die meisten von uns sind nun selber Eltern wunderbarer Kinder und wir sollte uns immer wieder vor Augen f\u00fchren, das wir als Eltern auch eine Vorbildfunktion innehaben.<\/em><\/p>\n<p><em>\u00a0Unser 1. Spendenziel:<\/em><br \/>\n<em> &#8211; das \u201eNachwuchsleistungszentrum&#8220; von Dynamo Dresden, indem die Kinder und Jugendlichen t\u00e4glich f\u00fcr ihren gro\u00dfen Traum trainieren, n\u00e4mlich sp\u00e4ter einmal ein Fu\u00dfballprofi werden zu k\u00f6nnen. Dieses Trainingsgel\u00e4nde war komplett \u00fcberflutet, es entstand ein Sachschaden von ca. 100.000 Euro!<\/em><\/p>\n<p><em>\u00a0Unser 2. Spendenziel:<\/em><br \/>\n<em> &#8211; das Kinderhaus \u201eJona&#8220; in Dresden-Laubegast, indem \u00fcber 100 Kinder vom 1.Lebensjahr an bis zum Grundschulalter von geschulten Erzieherinnen individuell auf ihre F\u00e4higkeiten hin gef\u00f6rdert werden. In diesem Kinderhaus stand das Hochwasser ca. 70 cm hoch drin und richtete immensen Schaden an.Bei unserer pers\u00f6nlichen Hilfsaktion vor Ort mussten alle Zimmert\u00fcren, die Fussbodenleisten und Gipskartonw\u00e4nde heraus gerissen werden, um sp\u00e4ter alles komplett neu zu errichten.<\/em><\/p>\n<p><em>Weiterhin eine gro\u00dfe Herausforderung ist die Beseitigung des Aussengel\u00e4ndes vom angesp\u00fclten Dreck und Schlamm, der wenn nicht zeitnah beseitigt werden w\u00fcrde, erh\u00e4rtet.Erst wenn dieser \u201eHochwasserschutt&#8220; abgetragen wurde, kann das Areal mit neuem Spielsand aufgef\u00fcllt werden.<\/em><\/p>\n<p><em>Als wir vor Ort zum Helfen waren, hat uns pers\u00f6nlich das \u201eMiteinander&#8220; sehr fasziniert.Wie engagiert und voller Einsatzwillen die Erzieherinnen, die freiwilligen Helfer und Eltern dort zu Werke gingen, zukeinem Zeitpunkt ans Aufgeben dachten und sich immer wieder Mut machend trotz der Vorrang gegangenen tagelangen m\u00fchsamen Aufr\u00e4umarbeiten, das hat uns sehr beeindruckt.<\/em><\/p>\n<p><em>Aus diesem Grunde m\u00f6chten wir auch die 2.H\u00e4lfte des Spendenerl\u00f6ses mit vollster \u00dcberzeugung an dieses Kinderhaus geben! Unsere Spendenaktion ist v\u00f6llig transparent, seri\u00f6s und nachvollziehbar!<\/em><\/p>\n<p><em>&#8211; Jeder Spender wird auf unserer Homepage unter: <a href=\"http:\/\/www.facebook.com\/l.php?u=http%3A%2F%2Fwww.sgd-supporters-club-nrw.de&amp;h=kAQHpoxcI&amp;s=1\">www.sgd-supporters-club-nrw.de<\/a> bekannt gegeben!<\/em><\/p>\n<p><em>\u00a0&#8211; Jeder Spender erh\u00e4lt zum Ende der Spendenaktion einen Scan unseres Kontoauszuges, um sicher gehen zu k\u00f6nnen, das das Spendengeld auch sicher angekommen ist!<\/em><\/p>\n<p><em>\u00a0Jeder Cent kommt auch wirklich an!<\/em><\/p>\n<p><em>\u00a0Unser Spendenkonto des \u201eSGD Supporter Club NRW\u201c:<\/em><br \/>\n<em> Kontoinhaber: Jan R\u00fccker<\/em><br \/>\n<em> Kontonummer: 105855659<\/em><br \/>\n<em> Bank: Sparda-Bank West eG D\u00fcsseldorf<\/em><br \/>\n<em> Bankleitzahl: 33060592<\/em><br \/>\n<em> Verwendungszweck: \u201eSpende f\u00fcr Hochwasser Dresden 2013\u201c + Name oder Fanclubname oder Vereinszugeh\u00f6rgkeit<\/em><\/p>\n<p><em>\u00a0F\u00fcr jede eingegangene Spende in Wert von 10,00\u20ac schichten wir auf unserer \u201eSandsackberg\u201c-Grafik einen Sandsack mit Eurem Vereinslogo auf!<\/em><\/p>\n<p><em>Weitere Informationen erhaltet ihr gerne unter: <a href=\"http:\/\/www.sgd-supporters-club-nrw.de\/\">www.sgd-supporters-club-nrw.de<\/a> oder per E-Mail an: <a href=\"mailto:info@sgd-supporters-club-nrw.de\">info@sgd-supporters-club-nrw.de<\/a> oder per facebook: <a href=\"http:\/\/www.facebook.com\/sgd.supporters.club.nrw\">http:\/\/www.facebook.com\/sgd.supporters.club.nrw<\/a><\/em><\/p>\n<p><em>\u00a0Unser Spendenvideo findet ihr unter: <a href=\"http:\/\/www.youtube.com\/watch?v=GW2kxdeqD7E\">http:\/\/www.youtube.com\/watch?v=GW2kxdeqD7E<\/a><\/em><\/p>\n<p><em>\u00a0Wir alle w\u00fcnschen Euch eine erfolgreiche neue Saison und bedanken uns im voraus f\u00fcr Euer Engagment und Eure Hilfe!!!<\/em><\/p>\n<p><em>\u00a0Mit sportlich fairen Gr\u00fc\u00dfen,<\/em><br \/>\n<em> die Mitglieder des \u201eSGD Supporters Club Nordrhein-Westfalen&#8220;<\/em><\/p>\n<p><em>P.S.: Vielleicht k\u00f6nnt ihr uns auch bei der Weiterverbreitung unserer Aktion mittels dieses Textes oder unseres Youtube-Spendenvideos helfen, indem ihr es auch weiter bekannt macht, sei es auf Eurer eigenen Webseite oder in den sozialen Netzwerken wie z.B: facebook. Danke daf\u00fcr!<\/em><\/p>\n<p><em>\u00a0Da wir momentan versuchen, soviele Fans in Nordrhein-Westfalen wie m\u00f6glich mit unserer Spendenaktion zu erreichen, schicken wir unser Anliegen parallel zu den Homepages und in facebook. Daher kann es vorkommen, das ihr unsere Anfrage evtl. 2 x erhaltet.Wir bitten Euch h\u00f6flichst , uns das nachzusehen.<\/em><\/p>\n<p><em>\u201eDU bist nicht das, was Du sagst, sondern das, was Du tust!\u201c&#8220;<\/em><\/p>\n<p><em><b>Und die Antwort:<\/b><\/em><br \/>\n<em> &#8222;Hallo Fanprojekt M\u00fcnster,<\/em><br \/>\n<em> ich m\u00f6chte mich im Namen aller Mitglieder unseres Fanclubs recht herzlich bei Euch f\u00fcr Eure Teilnahme an unserer Hochwasser-Spendenaktion bedanken!!!<\/em><br \/>\n<em> Wir alle waren sehr positiv \u00fcberrascht.Und ich kann Euch auch mitteilen,das Eure Spende auch in Dresden selber ( der Vater eines unserer Mitglieder sitzt im Dynamo-Pr\u00e4sidium,von daher auch die Info ) sehr gut &#8222;angekommen&#8220; ist.<\/em><br \/>\n<em> &#8230;<\/em><\/p>\n<p><em>Mit bestem Dank f\u00fcr alles,<\/em><br \/>\n<em> verbunden mit den besten W\u00fcnschen f\u00fcr die neue Saison (f\u00fcr mich pers\u00f6nlich seit ihr einer der 3 Auftiegskandidaten),<\/em><\/p>\n<p><em>Riccardo Berger (1.Vorsitzender des &#8222;SGD-Supporter Club NRW&#8220;<\/em><\/p>\n","protected":false},"excerpt":{"rendered":"<p>Letzte Woche schrieb uns der SG Dynamo Dresden Supporters Club Nordrhein-Westfalen an, mit der Bitte um eine Spende um z.B. das Nachwuchsleistungszentrum als auch das Kinderhaus &#8222;Jona&#8220; in Dresden finanziell&#8230; <a class=\"read-more-link\" href=\"https:\/\/www.fanprojekt-muenster.de\/wordpress\/hilfe-nach-flut-in-dresden\/\">Read more &raquo;<\/a><\/p>\n","protected":false},"author":2,"featured_media":1046,"comment_status":"open","ping_status":"open","sticky":false,"template":"","format":"standard","meta":{"advgb_blocks_editor_width":"","advgb_blocks_columns_visual_guide":"","footnotes":""},"categories":[3],"tags":[],"class_list":["post-1045","post","type-post","status-publish","format-standard","has-post-thumbnail","hentry","category-aktuelles"],"featured_image_src":"https:\/\/www.fanprojekt-muenster.de\/wordpress\/wp-content\/uploads\/2013\/07\/1012365_533388080048535_2075608339_n.jpg","author_info":{"display_name":"fp_superadmin","author_link":"https:\/\/www.fanprojekt-muenster.de\/wordpress\/author\/fp_superadmin\/"},"yoast_head":"<!-- This site is optimized with the Yoast SEO plugin v27.2 - https:\/\/yoast.com\/product\/yoast-seo-wordpress\/ -->\n<title>Hilfe nach Flut in Dresden - Fangemeinschaft Preu\u00dfen M\u00fcnster e. V.<\/title>\n<meta name=\"robots\" content=\"index, follow, max-snippet:-1, max-image-preview:large, max-video-preview:-1\" \/>\n<link rel=\"canonical\" href=\"https:\/\/www.fanprojekt-muenster.de\/wordpress\/hilfe-nach-flut-in-dresden\/\" \/>\n<meta property=\"og:locale\" content=\"de_DE\" \/>\n<meta property=\"og:type\" content=\"article\" \/>\n<meta property=\"og:title\" content=\"Hilfe nach Flut in Dresden - Fangemeinschaft Preu\u00dfen M\u00fcnster e. V.\" \/>\n<meta property=\"og:description\" content=\"Letzte Woche schrieb uns der SG Dynamo Dresden Supporters Club Nordrhein-Westfalen an, mit der Bitte um eine Spende um z.B. das Nachwuchsleistungszentrum als auch das Kinderhaus &#8222;Jona&#8220; in Dresden finanziell... Read more &raquo;\" \/>\n<meta property=\"og:url\" content=\"https:\/\/www.fanprojekt-muenster.de\/wordpress\/hilfe-nach-flut-in-dresden\/\" \/>\n<meta property=\"og:site_name\" content=\"Fangemeinschaft Preu\u00dfen M\u00fcnster e. V.\" \/>\n<meta property=\"article:published_time\" content=\"2013-07-15T18:09:18+00:00\" \/>\n<meta property=\"og:image\" content=\"https:\/\/www.fanprojekt-muenster.de\/wordpress\/wp-content\/uploads\/2013\/07\/1012365_533388080048535_2075608339_n.jpg\" \/>\n\t<meta property=\"og:image:width\" content=\"840\" \/>\n\t<meta property=\"og:image:height\" content=\"558\" \/>\n\t<meta property=\"og:image:type\" content=\"image\/jpeg\" \/>\n<meta name=\"author\" content=\"fp_superadmin\" \/>\n<meta name=\"twitter:card\" content=\"summary_large_image\" \/>\n<meta name=\"twitter:label1\" content=\"Verfasst von\" \/>\n\t<meta name=\"twitter:data1\" content=\"fp_superadmin\" \/>\n\t<meta name=\"twitter:label2\" content=\"Gesch\u00e4tzte Lesezeit\" \/>\n\t<meta name=\"twitter:data2\" content=\"7\u00a0Minuten\" \/>\n<script type=\"application\/ld+json\" class=\"yoast-schema-graph\">{\"@context\":\"https:\/\/schema.org\",\"@graph\":[{\"@type\":\"Article\",\"@id\":\"https:\/\/www.fanprojekt-muenster.de\/wordpress\/hilfe-nach-flut-in-dresden\/#article\",\"isPartOf\":{\"@id\":\"https:\/\/www.fanprojekt-muenster.de\/wordpress\/hilfe-nach-flut-in-dresden\/\"},\"author\":{\"name\":\"fp_superadmin\",\"@id\":\"https:\/\/www.fanprojekt-muenster.de\/wordpress\/#\/schema\/person\/9126cc4d73d0d07c75b487075111186c\"},\"headline\":\"Hilfe nach Flut in Dresden\",\"datePublished\":\"2013-07-15T18:09:18+00:00\",\"mainEntityOfPage\":{\"@id\":\"https:\/\/www.fanprojekt-muenster.de\/wordpress\/hilfe-nach-flut-in-dresden\/\"},\"wordCount\":1468,\"commentCount\":0,\"publisher\":{\"@id\":\"https:\/\/www.fanprojekt-muenster.de\/wordpress\/#organization\"},\"image\":{\"@id\":\"https:\/\/www.fanprojekt-muenster.de\/wordpress\/hilfe-nach-flut-in-dresden\/#primaryimage\"},\"thumbnailUrl\":\"https:\/\/www.fanprojekt-muenster.de\/wordpress\/wp-content\/uploads\/2013\/07\/1012365_533388080048535_2075608339_n.jpg\",\"articleSection\":[\"Aktuelles\"],\"inLanguage\":\"de\",\"potentialAction\":[{\"@type\":\"CommentAction\",\"name\":\"Comment\",\"target\":[\"https:\/\/www.fanprojekt-muenster.de\/wordpress\/hilfe-nach-flut-in-dresden\/#respond\"]}]},{\"@type\":\"WebPage\",\"@id\":\"https:\/\/www.fanprojekt-muenster.de\/wordpress\/hilfe-nach-flut-in-dresden\/\",\"url\":\"https:\/\/www.fanprojekt-muenster.de\/wordpress\/hilfe-nach-flut-in-dresden\/\",\"name\":\"Hilfe nach Flut in Dresden - Fangemeinschaft Preu\u00dfen M\u00fcnster e. V.\",\"isPartOf\":{\"@id\":\"https:\/\/www.fanprojekt-muenster.de\/wordpress\/#website\"},\"primaryImageOfPage\":{\"@id\":\"https:\/\/www.fanprojekt-muenster.de\/wordpress\/hilfe-nach-flut-in-dresden\/#primaryimage\"},\"image\":{\"@id\":\"https:\/\/www.fanprojekt-muenster.de\/wordpress\/hilfe-nach-flut-in-dresden\/#primaryimage\"},\"thumbnailUrl\":\"https:\/\/www.fanprojekt-muenster.de\/wordpress\/wp-content\/uploads\/2013\/07\/1012365_533388080048535_2075608339_n.jpg\",\"datePublished\":\"2013-07-15T18:09:18+00:00\",\"breadcrumb\":{\"@id\":\"https:\/\/www.fanprojekt-muenster.de\/wordpress\/hilfe-nach-flut-in-dresden\/#breadcrumb\"},\"inLanguage\":\"de\",\"potentialAction\":[{\"@type\":\"ReadAction\",\"target\":[\"https:\/\/www.fanprojekt-muenster.de\/wordpress\/hilfe-nach-flut-in-dresden\/\"]}]},{\"@type\":\"ImageObject\",\"inLanguage\":\"de\",\"@id\":\"https:\/\/www.fanprojekt-muenster.de\/wordpress\/hilfe-nach-flut-in-dresden\/#primaryimage\",\"url\":\"https:\/\/www.fanprojekt-muenster.de\/wordpress\/wp-content\/uploads\/2013\/07\/1012365_533388080048535_2075608339_n.jpg\",\"contentUrl\":\"https:\/\/www.fanprojekt-muenster.de\/wordpress\/wp-content\/uploads\/2013\/07\/1012365_533388080048535_2075608339_n.jpg\",\"width\":840,\"height\":558},{\"@type\":\"BreadcrumbList\",\"@id\":\"https:\/\/www.fanprojekt-muenster.de\/wordpress\/hilfe-nach-flut-in-dresden\/#breadcrumb\",\"itemListElement\":[{\"@type\":\"ListItem\",\"position\":1,\"name\":\"Startseite\",\"item\":\"https:\/\/www.fanprojekt-muenster.de\/wordpress\/\"},{\"@type\":\"ListItem\",\"position\":2,\"name\":\"Hilfe nach Flut in Dresden\"}]},{\"@type\":\"WebSite\",\"@id\":\"https:\/\/www.fanprojekt-muenster.de\/wordpress\/#website\",\"url\":\"https:\/\/www.fanprojekt-muenster.de\/wordpress\/\",\"name\":\"Fangemeinschaft Preu\u00dfen M\u00fcnster e. V.\",\"description\":\"\",\"publisher\":{\"@id\":\"https:\/\/www.fanprojekt-muenster.de\/wordpress\/#organization\"},\"potentialAction\":[{\"@type\":\"SearchAction\",\"target\":{\"@type\":\"EntryPoint\",\"urlTemplate\":\"https:\/\/www.fanprojekt-muenster.de\/wordpress\/?s={search_term_string}\"},\"query-input\":{\"@type\":\"PropertyValueSpecification\",\"valueRequired\":true,\"valueName\":\"search_term_string\"}}],\"inLanguage\":\"de\"},{\"@type\":\"Organization\",\"@id\":\"https:\/\/www.fanprojekt-muenster.de\/wordpress\/#organization\",\"name\":\"Fangemeinschaft Preu\u00dfen M\u00fcnster e. V.\",\"url\":\"https:\/\/www.fanprojekt-muenster.de\/wordpress\/\",\"logo\":{\"@type\":\"ImageObject\",\"inLanguage\":\"de\",\"@id\":\"https:\/\/www.fanprojekt-muenster.de\/wordpress\/#\/schema\/logo\/image\/\",\"url\":\"https:\/\/www.fanprojekt-muenster.de\/wordpress\/wp-content\/uploads\/2019\/07\/cropped-Website_Logo3-9.png\",\"contentUrl\":\"https:\/\/www.fanprojekt-muenster.de\/wordpress\/wp-content\/uploads\/2019\/07\/cropped-Website_Logo3-9.png\",\"width\":224,\"height\":42,\"caption\":\"Fangemeinschaft Preu\u00dfen M\u00fcnster e. V.\"},\"image\":{\"@id\":\"https:\/\/www.fanprojekt-muenster.de\/wordpress\/#\/schema\/logo\/image\/\"}},{\"@type\":\"Person\",\"@id\":\"https:\/\/www.fanprojekt-muenster.de\/wordpress\/#\/schema\/person\/9126cc4d73d0d07c75b487075111186c\",\"name\":\"fp_superadmin\",\"url\":\"https:\/\/www.fanprojekt-muenster.de\/wordpress\/author\/fp_superadmin\/\"}]}<\/script>\n<!-- \/ Yoast SEO plugin. -->","yoast_head_json":{"title":"Hilfe nach Flut in Dresden - Fangemeinschaft Preu\u00dfen M\u00fcnster e. V.","robots":{"index":"index","follow":"follow","max-snippet":"max-snippet:-1","max-image-preview":"max-image-preview:large","max-video-preview":"max-video-preview:-1"},"canonical":"https:\/\/www.fanprojekt-muenster.de\/wordpress\/hilfe-nach-flut-in-dresden\/","og_locale":"de_DE","og_type":"article","og_title":"Hilfe nach Flut in Dresden - Fangemeinschaft Preu\u00dfen M\u00fcnster e. V.","og_description":"Letzte Woche schrieb uns der SG Dynamo Dresden Supporters Club Nordrhein-Westfalen an, mit der Bitte um eine Spende um z.B. das Nachwuchsleistungszentrum als auch das Kinderhaus &#8222;Jona&#8220; in Dresden finanziell... Read more &raquo;","og_url":"https:\/\/www.fanprojekt-muenster.de\/wordpress\/hilfe-nach-flut-in-dresden\/","og_site_name":"Fangemeinschaft Preu\u00dfen M\u00fcnster e. V.","article_published_time":"2013-07-15T18:09:18+00:00","og_image":[{"width":840,"height":558,"url":"https:\/\/www.fanprojekt-muenster.de\/wordpress\/wp-content\/uploads\/2013\/07\/1012365_533388080048535_2075608339_n.jpg","type":"image\/jpeg"}],"author":"fp_superadmin","twitter_card":"summary_large_image","twitter_misc":{"Verfasst von":"fp_superadmin","Gesch\u00e4tzte Lesezeit":"7\u00a0Minuten"},"schema":{"@context":"https:\/\/schema.org","@graph":[{"@type":"Article","@id":"https:\/\/www.fanprojekt-muenster.de\/wordpress\/hilfe-nach-flut-in-dresden\/#article","isPartOf":{"@id":"https:\/\/www.fanprojekt-muenster.de\/wordpress\/hilfe-nach-flut-in-dresden\/"},"author":{"name":"fp_superadmin","@id":"https:\/\/www.fanprojekt-muenster.de\/wordpress\/#\/schema\/person\/9126cc4d73d0d07c75b487075111186c"},"headline":"Hilfe nach Flut in Dresden","datePublished":"2013-07-15T18:09:18+00:00","mainEntityOfPage":{"@id":"https:\/\/www.fanprojekt-muenster.de\/wordpress\/hilfe-nach-flut-in-dresden\/"},"wordCount":1468,"commentCount":0,"publisher":{"@id":"https:\/\/www.fanprojekt-muenster.de\/wordpress\/#organization"},"image":{"@id":"https:\/\/www.fanprojekt-muenster.de\/wordpress\/hilfe-nach-flut-in-dresden\/#primaryimage"},"thumbnailUrl":"https:\/\/www.fanprojekt-muenster.de\/wordpress\/wp-content\/uploads\/2013\/07\/1012365_533388080048535_2075608339_n.jpg","articleSection":["Aktuelles"],"inLanguage":"de","potentialAction":[{"@type":"CommentAction","name":"Comment","target":["https:\/\/www.fanprojekt-muenster.de\/wordpress\/hilfe-nach-flut-in-dresden\/#respond"]}]},{"@type":"WebPage","@id":"https:\/\/www.fanprojekt-muenster.de\/wordpress\/hilfe-nach-flut-in-dresden\/","url":"https:\/\/www.fanprojekt-muenster.de\/wordpress\/hilfe-nach-flut-in-dresden\/","name":"Hilfe nach Flut in Dresden - Fangemeinschaft Preu\u00dfen M\u00fcnster e. V.","isPartOf":{"@id":"https:\/\/www.fanprojekt-muenster.de\/wordpress\/#website"},"primaryImageOfPage":{"@id":"https:\/\/www.fanprojekt-muenster.de\/wordpress\/hilfe-nach-flut-in-dresden\/#primaryimage"},"image":{"@id":"https:\/\/www.fanprojekt-muenster.de\/wordpress\/hilfe-nach-flut-in-dresden\/#primaryimage"},"thumbnailUrl":"https:\/\/www.fanprojekt-muenster.de\/wordpress\/wp-content\/uploads\/2013\/07\/1012365_533388080048535_2075608339_n.jpg","datePublished":"2013-07-15T18:09:18+00:00","breadcrumb":{"@id":"https:\/\/www.fanprojekt-muenster.de\/wordpress\/hilfe-nach-flut-in-dresden\/#breadcrumb"},"inLanguage":"de","potentialAction":[{"@type":"ReadAction","target":["https:\/\/www.fanprojekt-muenster.de\/wordpress\/hilfe-nach-flut-in-dresden\/"]}]},{"@type":"ImageObject","inLanguage":"de","@id":"https:\/\/www.fanprojekt-muenster.de\/wordpress\/hilfe-nach-flut-in-dresden\/#primaryimage","url":"https:\/\/www.fanprojekt-muenster.de\/wordpress\/wp-content\/uploads\/2013\/07\/1012365_533388080048535_2075608339_n.jpg","contentUrl":"https:\/\/www.fanprojekt-muenster.de\/wordpress\/wp-content\/uploads\/2013\/07\/1012365_533388080048535_2075608339_n.jpg","width":840,"height":558},{"@type":"BreadcrumbList","@id":"https:\/\/www.fanprojekt-muenster.de\/wordpress\/hilfe-nach-flut-in-dresden\/#breadcrumb","itemListElement":[{"@type":"ListItem","position":1,"name":"Startseite","item":"https:\/\/www.fanprojekt-muenster.de\/wordpress\/"},{"@type":"ListItem","position":2,"name":"Hilfe nach Flut in Dresden"}]},{"@type":"WebSite","@id":"https:\/\/www.fanprojekt-muenster.de\/wordpress\/#website","url":"https:\/\/www.fanprojekt-muenster.de\/wordpress\/","name":"Fangemeinschaft Preu\u00dfen M\u00fcnster e. V.","description":"","publisher":{"@id":"https:\/\/www.fanprojekt-muenster.de\/wordpress\/#organization"},"potentialAction":[{"@type":"SearchAction","target":{"@type":"EntryPoint","urlTemplate":"https:\/\/www.fanprojekt-muenster.de\/wordpress\/?s={search_term_string}"},"query-input":{"@type":"PropertyValueSpecification","valueRequired":true,"valueName":"search_term_string"}}],"inLanguage":"de"},{"@type":"Organization","@id":"https:\/\/www.fanprojekt-muenster.de\/wordpress\/#organization","name":"Fangemeinschaft Preu\u00dfen M\u00fcnster e. V.","url":"https:\/\/www.fanprojekt-muenster.de\/wordpress\/","logo":{"@type":"ImageObject","inLanguage":"de","@id":"https:\/\/www.fanprojekt-muenster.de\/wordpress\/#\/schema\/logo\/image\/","url":"https:\/\/www.fanprojekt-muenster.de\/wordpress\/wp-content\/uploads\/2019\/07\/cropped-Website_Logo3-9.png","contentUrl":"https:\/\/www.fanprojekt-muenster.de\/wordpress\/wp-content\/uploads\/2019\/07\/cropped-Website_Logo3-9.png","width":224,"height":42,"caption":"Fangemeinschaft Preu\u00dfen M\u00fcnster e. V."},"image":{"@id":"https:\/\/www.fanprojekt-muenster.de\/wordpress\/#\/schema\/logo\/image\/"}},{"@type":"Person","@id":"https:\/\/www.fanprojekt-muenster.de\/wordpress\/#\/schema\/person\/9126cc4d73d0d07c75b487075111186c","name":"fp_superadmin","url":"https:\/\/www.fanprojekt-muenster.de\/wordpress\/author\/fp_superadmin\/"}]}},"author_meta":{"display_name":"fp_superadmin","author_link":"https:\/\/www.fanprojekt-muenster.de\/wordpress\/author\/fp_superadmin\/"},"featured_img":"https:\/\/www.fanprojekt-muenster.de\/wordpress\/wp-content\/uploads\/2013\/07\/1012365_533388080048535_2075608339_n-300x199.jpg","coauthors":[],"tax_additional":{"categories":{"linked":["<a href=\"https:\/\/www.fanprojekt-muenster.de\/wordpress\/category\/aktuelles\/\" class=\"advgb-post-tax-term\">Aktuelles<\/a>"],"unlinked":["<span class=\"advgb-post-tax-term\">Aktuelles<\/span>"]}},"comment_count":"0","relative_dates":{"created":"Posted 13\u00a0Jahren ago","modified":"Updated 13\u00a0Jahren ago"},"absolute_dates":{"created":"Posted on 15. Juli 2013","modified":"Updated on 15. Juli 2013"},"absolute_dates_time":{"created":"Posted on 15. Juli 2013 20:09","modified":"Updated on 15. Juli 2013 20:09"},"featured_img_caption":"","series_order":"","_links":{"self":[{"href":"https:\/\/www.fanprojekt-muenster.de\/wordpress\/wp-json\/wp\/v2\/posts\/1045","targetHints":{"allow":["GET"]}}],"collection":[{"href":"https:\/\/www.fanprojekt-muenster.de\/wordpress\/wp-json\/wp\/v2\/posts"}],"about":[{"href":"https:\/\/www.fanprojekt-muenster.de\/wordpress\/wp-json\/wp\/v2\/types\/post"}],"author":[{"embeddable":true,"href":"https:\/\/www.fanprojekt-muenster.de\/wordpress\/wp-json\/wp\/v2\/users\/2"}],"replies":[{"embeddable":true,"href":"https:\/\/www.fanprojekt-muenster.de\/wordpress\/wp-json\/wp\/v2\/comments?post=1045"}],"version-history":[{"count":0,"href":"https:\/\/www.fanprojekt-muenster.de\/wordpress\/wp-json\/wp\/v2\/posts\/1045\/revisions"}],"wp:featuredmedia":[{"embeddable":true,"href":"https:\/\/www.fanprojekt-muenster.de\/wordpress\/wp-json\/wp\/v2\/media\/1046"}],"wp:attachment":[{"href":"https:\/\/www.fanprojekt-muenster.de\/wordpress\/wp-json\/wp\/v2\/media?parent=1045"}],"wp:term":[{"taxonomy":"category","embeddable":true,"href":"https:\/\/www.fanprojekt-muenster.de\/wordpress\/wp-json\/wp\/v2\/categories?post=1045"},{"taxonomy":"post_tag","embeddable":true,"href":"https:\/\/www.fanprojekt-muenster.de\/wordpress\/wp-json\/wp\/v2\/tags?post=1045"}],"curies":[{"name":"wp","href":"https:\/\/api.w.org\/{rel}","templated":true}]}}